{"id":701,"date":"2021-12-11T16:45:41","date_gmt":"2021-12-11T16:45:41","guid":{"rendered":"https:\/\/gruposansimon.com\/sansimon2021\/?p=701"},"modified":"2021-12-11T17:39:08","modified_gmt":"2021-12-11T17:39:08","slug":"la-casa-donde-el-sueno-san-simon-comenzo","status":"publish","type":"post","link":"https:\/\/gruposansimon.com\/web\/2021\/12\/la-casa-donde-el-sueno-san-simon-comenzo\/","title":{"rendered":"La casa donde el sue\u00f1o San Sim\u00f3n comenz\u00f3"},"content":{"rendered":"<p>Venezolanos con iniciativa, compromisos por sus tierras y ganas de impulsar significativamente sus actividades en el sector ganadero. se reunieron con un solo prop\u00f3sito ofrecerles a las familias venezolanas alimentos en los que puedan confiarle la nutrici\u00f3n de sus seres queridos fueron el estandarte para comenzar es sue\u00f1o.<\/p>\n<p>Todo bien orquestado: <strong>productos de calidad y excelencia<\/strong>, <strong>el conocimiento, la disciplina y dedicaci\u00f3n<\/strong> de estos venezolanos y la fuerte <strong>demanda en el sector ganadero<\/strong> en el Sur del Lago de Maracaibo.<\/p>\n<p>Todo contribuyo a la formaci\u00f3n de varias agropecuarias y entre ellas nace Hacienda San Sim\u00f3n, empresa dedicada a la cr\u00eda de ganado vacuno de doble prop\u00f3sito, y la comercializaci\u00f3n de sus principales derivados: leche cruda y ganado en pie. En la actualidad la empresa cuenta con 14 ganader\u00edas en el estado Zulia, calificadas entre las mejores del pa\u00eds debido a sus modernas instalaciones, el empleo de tecnolog\u00eda de punta, y la garant\u00eda de ejercer efectivos controles sanitarios.<\/p>\n<p>A los 78 a\u00f1os de ese gran sue\u00f1o se han ido materializando y expandiendo en proporciones que nunca nos imaginamos. Hoy por hoy, agradecemos al pueblo venezolano por su confianza, receptividad y fidelidad hacia nuestra marca.<\/p>\n","protected":false},"excerpt":{"rendered":"<p>Cuenta la leyenda que, en una hacienda ubicada en San Rafael del Guayabo, Municipio Catatumbo \u2013 Estado Zulia.<\/p>\n","protected":false},"author":4,"featured_media":702,"comment_status":"closed","ping_status":"closed","sticky":false,"template":"","format":"standard","meta":{"footnotes":""},"categories":[27],"tags":[],"class_list":["post-701","post","type-post","status-publish","format-standard","has-post-thumbnail","hentry","category-eventos-noticias"],"yoast_head":"<!-- This site is optimized with the Yoast SEO plugin v27.3 - https:\/\/yoast.com\/product\/yoast-seo-wordpress\/ -->\n<title>La casa donde el sue\u00f1o San Sim\u00f3n comenz\u00f3 - Grupo San Sim\u00f3n<\/title>\n<meta name=\"description\" content=\"La casa donde el sue\u00f1o San Sim\u00f3n comenz\u00f3\" \/>\n<meta name=\"robots\" content=\"index, follow, max-snippet:-1, max-image-preview:large, max-video-preview:-1\" \/>\n<link rel=\"canonical\" href=\"https:\/\/gruposansimon.com\/web\/2021\/12\/la-casa-donde-el-sueno-san-simon-comenzo\/\" \/>\n<meta property=\"og:locale\" content=\"es_ES\" \/>\n<meta property=\"og:type\" content=\"article\" \/>\n<meta property=\"og:title\" content=\"La casa donde el sue\u00f1o San Sim\u00f3n comenz\u00f3 - Grupo San Sim\u00f3n\" \/>\n<meta property=\"og:description\" content=\"La casa donde el sue\u00f1o San Sim\u00f3n comenz\u00f3\" \/>\n<meta property=\"og:url\" content=\"https:\/\/gruposansimon.com\/web\/2021\/12\/la-casa-donde-el-sueno-san-simon-comenzo\/\" \/>\n<meta property=\"og:site_name\" content=\"Grupo San Sim\u00f3n\" \/>\n<meta property=\"article:publisher\" content=\"https:\/\/www.facebook.com\/gruposansimonO1\/\" \/>\n<meta property=\"article:published_time\" content=\"2021-12-11T16:45:41+00:00\" \/>\n<meta property=\"article:modified_time\" content=\"2021-12-11T17:39:08+00:00\" \/>\n<meta property=\"og:image\" content=\"https:\/\/gruposansimon.com\/web\/wp-content\/uploads\/sueno.jpg\" \/>\n\t<meta property=\"og:image:width\" content=\"1200\" \/>\n\t<meta property=\"og:image:height\" content=\"799\" \/>\n\t<meta property=\"og:image:type\" content=\"image\/jpeg\" \/>\n<meta name=\"author\" content=\"Elizabeth Paredes\" \/>\n<meta name=\"twitter:card\" content=\"summary_large_image\" \/>\n<meta name=\"twitter:creator\" content=\"@GrupoSanSimonO1\" \/>\n<meta name=\"twitter:site\" content=\"@GrupoSanSimonO1\" \/>\n<meta name=\"twitter:label1\" content=\"Escrito por\" \/>\n\t<meta name=\"twitter:data1\" content=\"Elizabeth Paredes\" \/>\n\t<meta name=\"twitter:label2\" content=\"Tiempo de lectura\" \/>\n\t<meta name=\"twitter:data2\" content=\"1 minuto\" \/>\n<script type=\"application\/ld+json\" class=\"yoast-schema-graph\">{\"@context\":\"https:\\\/\\\/schema.org\",\"@graph\":[{\"@type\":\"Article\",\"@id\":\"https:\\\/\\\/gruposansimon.com\\\/web\\\/2021\\\/12\\\/la-casa-donde-el-sueno-san-simon-comenzo\\\/#article\",\"isPartOf\":{\"@id\":\"https:\\\/\\\/gruposansimon.com\\\/web\\\/2021\\\/12\\\/la-casa-donde-el-sueno-san-simon-comenzo\\\/\"},\"author\":{\"name\":\"Elizabeth Paredes\",\"@id\":\"https:\\\/\\\/gruposansimon.com\\\/web\\\/#\\\/schema\\\/person\\\/1e0b1a9de50e4a1d3ea790ba187f042b\"},\"headline\":\"La casa donde el sue\u00f1o San Sim\u00f3n comenz\u00f3\",\"datePublished\":\"2021-12-11T16:45:41+00:00\",\"dateModified\":\"2021-12-11T17:39:08+00:00\",\"mainEntityOfPage\":{\"@id\":\"https:\\\/\\\/gruposansimon.com\\\/web\\\/2021\\\/12\\\/la-casa-donde-el-sueno-san-simon-comenzo\\\/\"},\"wordCount\":216,\"publisher\":{\"@id\":\"https:\\\/\\\/gruposansimon.com\\\/web\\\/#organization\"},\"image\":{\"@id\":\"https:\\\/\\\/gruposansimon.com\\\/web\\\/2021\\\/12\\\/la-casa-donde-el-sueno-san-simon-comenzo\\\/#primaryimage\"},\"thumbnailUrl\":\"https:\\\/\\\/gruposansimon.com\\\/web\\\/wp-content\\\/uploads\\\/sueno.jpg\",\"articleSection\":[\"Eventos y Noticias\"],\"inLanguage\":\"es\"},{\"@type\":\"WebPage\",\"@id\":\"https:\\\/\\\/gruposansimon.com\\\/web\\\/2021\\\/12\\\/la-casa-donde-el-sueno-san-simon-comenzo\\\/\",\"url\":\"https:\\\/\\\/gruposansimon.com\\\/web\\\/2021\\\/12\\\/la-casa-donde-el-sueno-san-simon-comenzo\\\/\",\"name\":\"La casa donde el sue\u00f1o San Sim\u00f3n comenz\u00f3 - Grupo San Sim\u00f3n\",\"isPartOf\":{\"@id\":\"https:\\\/\\\/gruposansimon.com\\\/web\\\/#website\"},\"primaryImageOfPage\":{\"@id\":\"https:\\\/\\\/gruposansimon.com\\\/web\\\/2021\\\/12\\\/la-casa-donde-el-sueno-san-simon-comenzo\\\/#primaryimage\"},\"image\":{\"@id\":\"https:\\\/\\\/gruposansimon.com\\\/web\\\/2021\\\/12\\\/la-casa-donde-el-sueno-san-simon-comenzo\\\/#primaryimage\"},\"thumbnailUrl\":\"https:\\\/\\\/gruposansimon.com\\\/web\\\/wp-content\\\/uploads\\\/sueno.jpg\",\"datePublished\":\"2021-12-11T16:45:41+00:00\",\"dateModified\":\"2021-12-11T17:39:08+00:00\",\"description\":\"La casa donde el sue\u00f1o San Sim\u00f3n comenz\u00f3\",\"breadcrumb\":{\"@id\":\"https:\\\/\\\/gruposansimon.com\\\/web\\\/2021\\\/12\\\/la-casa-donde-el-sueno-san-simon-comenzo\\\/#breadcrumb\"},\"inLanguage\":\"es\",\"potentialAction\":[{\"@type\":\"ReadAction\",\"target\":[\"https:\\\/\\\/gruposansimon.com\\\/web\\\/2021\\\/12\\\/la-casa-donde-el-sueno-san-simon-comenzo\\\/\"]}]},{\"@type\":\"ImageObject\",\"inLanguage\":\"es\",\"@id\":\"https:\\\/\\\/gruposansimon.com\\\/web\\\/2021\\\/12\\\/la-casa-donde-el-sueno-san-simon-comenzo\\\/#primaryimage\",\"url\":\"https:\\\/\\\/gruposansimon.com\\\/web\\\/wp-content\\\/uploads\\\/sueno.jpg\",\"contentUrl\":\"https:\\\/\\\/gruposansimon.com\\\/web\\\/wp-content\\\/uploads\\\/sueno.jpg\",\"width\":1200,\"height\":799},{\"@type\":\"BreadcrumbList\",\"@id\":\"https:\\\/\\\/gruposansimon.com\\\/web\\\/2021\\\/12\\\/la-casa-donde-el-sueno-san-simon-comenzo\\\/#breadcrumb\",\"itemListElement\":[{\"@type\":\"ListItem\",\"position\":1,\"name\":\"Portada\",\"item\":\"https:\\\/\\\/gruposansimon.com\\\/web\\\/\"},{\"@type\":\"ListItem\",\"position\":2,\"name\":\"La casa donde el sue\u00f1o San Sim\u00f3n comenz\u00f3\"}]},{\"@type\":\"WebSite\",\"@id\":\"https:\\\/\\\/gruposansimon.com\\\/web\\\/#website\",\"url\":\"https:\\\/\\\/gruposansimon.com\\\/web\\\/\",\"name\":\"Grupo San Sim\u00f3n\",\"description\":\"En el gusto por Venezuela\",\"publisher\":{\"@id\":\"https:\\\/\\\/gruposansimon.com\\\/web\\\/#organization\"},\"potentialAction\":[{\"@type\":\"SearchAction\",\"target\":{\"@type\":\"EntryPoint\",\"urlTemplate\":\"https:\\\/\\\/gruposansimon.com\\\/web\\\/?s={search_term_string}\"},\"query-input\":{\"@type\":\"PropertyValueSpecification\",\"valueRequired\":true,\"valueName\":\"search_term_string\"}}],\"inLanguage\":\"es\"},{\"@type\":\"Organization\",\"@id\":\"https:\\\/\\\/gruposansimon.com\\\/web\\\/#organization\",\"name\":\"Grupo San Sim\u00f3n\",\"url\":\"https:\\\/\\\/gruposansimon.com\\\/web\\\/\",\"logo\":{\"@type\":\"ImageObject\",\"inLanguage\":\"es\",\"@id\":\"https:\\\/\\\/gruposansimon.com\\\/web\\\/#\\\/schema\\\/logo\\\/image\\\/\",\"url\":\"https:\\\/\\\/gruposansimon.com\\\/sansimon2021\\\/wp-content\\\/uploads\\\/logo-ss.png\",\"contentUrl\":\"https:\\\/\\\/gruposansimon.com\\\/sansimon2021\\\/wp-content\\\/uploads\\\/logo-ss.png\",\"width\":2161,\"height\":1099,\"caption\":\"Grupo San Sim\u00f3n\"},\"image\":{\"@id\":\"https:\\\/\\\/gruposansimon.com\\\/web\\\/#\\\/schema\\\/logo\\\/image\\\/\"},\"sameAs\":[\"https:\\\/\\\/www.facebook.com\\\/gruposansimonO1\\\/\",\"https:\\\/\\\/x.com\\\/GrupoSanSimonO1\",\"https:\\\/\\\/www.linkedin.com\\\/company\\\/grupo-san-sim\u00f3n\\\/\"]},{\"@type\":\"Person\",\"@id\":\"https:\\\/\\\/gruposansimon.com\\\/web\\\/#\\\/schema\\\/person\\\/1e0b1a9de50e4a1d3ea790ba187f042b\",\"name\":\"Elizabeth Paredes\",\"image\":{\"@type\":\"ImageObject\",\"inLanguage\":\"es\",\"@id\":\"https:\\\/\\\/secure.gravatar.com\\\/avatar\\\/50ac43386c69dc755e972b9f01f9d629a47486af864e5280b1e6d5f35504cd01?s=96&d=mm&r=g\",\"url\":\"https:\\\/\\\/secure.gravatar.com\\\/avatar\\\/50ac43386c69dc755e972b9f01f9d629a47486af864e5280b1e6d5f35504cd01?s=96&d=mm&r=g\",\"contentUrl\":\"https:\\\/\\\/secure.gravatar.com\\\/avatar\\\/50ac43386c69dc755e972b9f01f9d629a47486af864e5280b1e6d5f35504cd01?s=96&d=mm&r=g\",\"caption\":\"Elizabeth Paredes\"},\"url\":\"https:\\\/\\\/gruposansimon.com\\\/web\\\/author\\\/eliparedes\\\/\"}]}<\/script>\n<!-- \/ Yoast SEO plugin. -->","yoast_head_json":{"title":"La casa donde el sue\u00f1o San Sim\u00f3n comenz\u00f3 - Grupo San Sim\u00f3n","description":"La casa donde el sue\u00f1o San Sim\u00f3n comenz\u00f3","robots":{"index":"index","follow":"follow","max-snippet":"max-snippet:-1","max-image-preview":"max-image-preview:large","max-video-preview":"max-video-preview:-1"},"canonical":"https:\/\/gruposansimon.com\/web\/2021\/12\/la-casa-donde-el-sueno-san-simon-comenzo\/","og_locale":"es_ES","og_type":"article","og_title":"La casa donde el sue\u00f1o San Sim\u00f3n comenz\u00f3 - Grupo San Sim\u00f3n","og_description":"La casa donde el sue\u00f1o San Sim\u00f3n comenz\u00f3","og_url":"https:\/\/gruposansimon.com\/web\/2021\/12\/la-casa-donde-el-sueno-san-simon-comenzo\/","og_site_name":"Grupo San Sim\u00f3n","article_publisher":"https:\/\/www.facebook.com\/gruposansimonO1\/","article_published_time":"2021-12-11T16:45:41+00:00","article_modified_time":"2021-12-11T17:39:08+00:00","og_image":[{"width":1200,"height":799,"url":"https:\/\/gruposansimon.com\/web\/wp-content\/uploads\/sueno.jpg","type":"image\/jpeg"}],"author":"Elizabeth Paredes","twitter_card":"summary_large_image","twitter_creator":"@GrupoSanSimonO1","twitter_site":"@GrupoSanSimonO1","twitter_misc":{"Escrito por":"Elizabeth Paredes","Tiempo de lectura":"1 minuto"},"schema":{"@context":"https:\/\/schema.org","@graph":[{"@type":"Article","@id":"https:\/\/gruposansimon.com\/web\/2021\/12\/la-casa-donde-el-sueno-san-simon-comenzo\/#article","isPartOf":{"@id":"https:\/\/gruposansimon.com\/web\/2021\/12\/la-casa-donde-el-sueno-san-simon-comenzo\/"},"author":{"name":"Elizabeth Paredes","@id":"https:\/\/gruposansimon.com\/web\/#\/schema\/person\/1e0b1a9de50e4a1d3ea790ba187f042b"},"headline":"La casa donde el sue\u00f1o San Sim\u00f3n comenz\u00f3","datePublished":"2021-12-11T16:45:41+00:00","dateModified":"2021-12-11T17:39:08+00:00","mainEntityOfPage":{"@id":"https:\/\/gruposansimon.com\/web\/2021\/12\/la-casa-donde-el-sueno-san-simon-comenzo\/"},"wordCount":216,"publisher":{"@id":"https:\/\/gruposansimon.com\/web\/#organization"},"image":{"@id":"https:\/\/gruposansimon.com\/web\/2021\/12\/la-casa-donde-el-sueno-san-simon-comenzo\/#primaryimage"},"thumbnailUrl":"https:\/\/gruposansimon.com\/web\/wp-content\/uploads\/sueno.jpg","articleSection":["Eventos y Noticias"],"inLanguage":"es"},{"@type":"WebPage","@id":"https:\/\/gruposansimon.com\/web\/2021\/12\/la-casa-donde-el-sueno-san-simon-comenzo\/","url":"https:\/\/gruposansimon.com\/web\/2021\/12\/la-casa-donde-el-sueno-san-simon-comenzo\/","name":"La casa donde el sue\u00f1o San Sim\u00f3n comenz\u00f3 - Grupo San Sim\u00f3n","isPartOf":{"@id":"https:\/\/gruposansimon.com\/web\/#website"},"primaryImageOfPage":{"@id":"https:\/\/gruposansimon.com\/web\/2021\/12\/la-casa-donde-el-sueno-san-simon-comenzo\/#primaryimage"},"image":{"@id":"https:\/\/gruposansimon.com\/web\/2021\/12\/la-casa-donde-el-sueno-san-simon-comenzo\/#primaryimage"},"thumbnailUrl":"https:\/\/gruposansimon.com\/web\/wp-content\/uploads\/sueno.jpg","datePublished":"2021-12-11T16:45:41+00:00","dateModified":"2021-12-11T17:39:08+00:00","description":"La casa donde el sue\u00f1o San Sim\u00f3n comenz\u00f3","breadcrumb":{"@id":"https:\/\/gruposansimon.com\/web\/2021\/12\/la-casa-donde-el-sueno-san-simon-comenzo\/#breadcrumb"},"inLanguage":"es","potentialAction":[{"@type":"ReadAction","target":["https:\/\/gruposansimon.com\/web\/2021\/12\/la-casa-donde-el-sueno-san-simon-comenzo\/"]}]},{"@type":"ImageObject","inLanguage":"es","@id":"https:\/\/gruposansimon.com\/web\/2021\/12\/la-casa-donde-el-sueno-san-simon-comenzo\/#primaryimage","url":"https:\/\/gruposansimon.com\/web\/wp-content\/uploads\/sueno.jpg","contentUrl":"https:\/\/gruposansimon.com\/web\/wp-content\/uploads\/sueno.jpg","width":1200,"height":799},{"@type":"BreadcrumbList","@id":"https:\/\/gruposansimon.com\/web\/2021\/12\/la-casa-donde-el-sueno-san-simon-comenzo\/#breadcrumb","itemListElement":[{"@type":"ListItem","position":1,"name":"Portada","item":"https:\/\/gruposansimon.com\/web\/"},{"@type":"ListItem","position":2,"name":"La casa donde el sue\u00f1o San Sim\u00f3n comenz\u00f3"}]},{"@type":"WebSite","@id":"https:\/\/gruposansimon.com\/web\/#website","url":"https:\/\/gruposansimon.com\/web\/","name":"Grupo San Sim\u00f3n","description":"En el gusto por Venezuela","publisher":{"@id":"https:\/\/gruposansimon.com\/web\/#organization"},"potentialAction":[{"@type":"SearchAction","target":{"@type":"EntryPoint","urlTemplate":"https:\/\/gruposansimon.com\/web\/?s={search_term_string}"},"query-input":{"@type":"PropertyValueSpecification","valueRequired":true,"valueName":"search_term_string"}}],"inLanguage":"es"},{"@type":"Organization","@id":"https:\/\/gruposansimon.com\/web\/#organization","name":"Grupo San Sim\u00f3n","url":"https:\/\/gruposansimon.com\/web\/","logo":{"@type":"ImageObject","inLanguage":"es","@id":"https:\/\/gruposansimon.com\/web\/#\/schema\/logo\/image\/","url":"https:\/\/gruposansimon.com\/sansimon2021\/wp-content\/uploads\/logo-ss.png","contentUrl":"https:\/\/gruposansimon.com\/sansimon2021\/wp-content\/uploads\/logo-ss.png","width":2161,"height":1099,"caption":"Grupo San Sim\u00f3n"},"image":{"@id":"https:\/\/gruposansimon.com\/web\/#\/schema\/logo\/image\/"},"sameAs":["https:\/\/www.facebook.com\/gruposansimonO1\/","https:\/\/x.com\/GrupoSanSimonO1","https:\/\/www.linkedin.com\/company\/grupo-san-sim\u00f3n\/"]},{"@type":"Person","@id":"https:\/\/gruposansimon.com\/web\/#\/schema\/person\/1e0b1a9de50e4a1d3ea790ba187f042b","name":"Elizabeth Paredes","image":{"@type":"ImageObject","inLanguage":"es","@id":"https:\/\/secure.gravatar.com\/avatar\/50ac43386c69dc755e972b9f01f9d629a47486af864e5280b1e6d5f35504cd01?s=96&d=mm&r=g","url":"https:\/\/secure.gravatar.com\/avatar\/50ac43386c69dc755e972b9f01f9d629a47486af864e5280b1e6d5f35504cd01?s=96&d=mm&r=g","contentUrl":"https:\/\/secure.gravatar.com\/avatar\/50ac43386c69dc755e972b9f01f9d629a47486af864e5280b1e6d5f35504cd01?s=96&d=mm&r=g","caption":"Elizabeth Paredes"},"url":"https:\/\/gruposansimon.com\/web\/author\/eliparedes\/"}]}},"_links":{"self":[{"href":"https:\/\/gruposansimon.com\/web\/wp-json\/wp\/v2\/posts\/701","targetHints":{"allow":["GET"]}}],"collection":[{"href":"https:\/\/gruposansimon.com\/web\/wp-json\/wp\/v2\/posts"}],"about":[{"href":"https:\/\/gruposansimon.com\/web\/wp-json\/wp\/v2\/types\/post"}],"author":[{"embeddable":true,"href":"https:\/\/gruposansimon.com\/web\/wp-json\/wp\/v2\/users\/4"}],"replies":[{"embeddable":true,"href":"https:\/\/gruposansimon.com\/web\/wp-json\/wp\/v2\/comments?post=701"}],"version-history":[{"count":0,"href":"https:\/\/gruposansimon.com\/web\/wp-json\/wp\/v2\/posts\/701\/revisions"}],"wp:featuredmedia":[{"embeddable":true,"href":"https:\/\/gruposansimon.com\/web\/wp-json\/wp\/v2\/media\/702"}],"wp:attachment":[{"href":"https:\/\/gruposansimon.com\/web\/wp-json\/wp\/v2\/media?parent=701"}],"wp:term":[{"taxonomy":"category","embeddable":true,"href":"https:\/\/gruposansimon.com\/web\/wp-json\/wp\/v2\/categories?post=701"},{"taxonomy":"post_tag","embeddable":true,"href":"https:\/\/gruposansimon.com\/web\/wp-json\/wp\/v2\/tags?post=701"}],"curies":[{"name":"wp","href":"https:\/\/api.w.org\/{rel}","templated":true}]}}